{"id":577,"date":"2018-09-26T13:19:12","date_gmt":"2018-09-26T13:19:12","guid":{"rendered":"http:\/\/www.ainaclotet.com\/i\/es\/?p=577"},"modified":"2018-09-26T13:19:51","modified_gmt":"2018-09-26T13:19:51","slug":"durante-la-tormenta-de-oriol-paulo-estreno-30-de-noviembre","status":"publish","type":"post","link":"https:\/\/www.ainaclotet.com\/i\/es\/2018\/09\/durante-la-tormenta-de-oriol-paulo-estreno-30-de-noviembre\/","title":{"rendered":"DURANTE LA TORMENTA de Oriol Paulo estreno 30 de noviembre de 2018"},"content":{"rendered":"<p>DURANTE LA TORMENTA, es el tercer largometraje de Oriol Paulo tras \u201cContratiempo\u201d (2017) y \u201cEl cuerpo\u201d (2012). Ambas se han convertido en thrillers de gran \u00e9xito del cine espa\u00f1ol. \u201cContratiempo\u201d atrajo a m\u00e1s de medio mill\u00f3n de espectadores y recaud\u00f3 m\u00e1s de 3.7 millones de euros en Espa\u00f1a. Una cifra a\u00fan mayor la que consigui\u00f3 en China, donde ha recaudado 30mm de d\u00f3lares. El \u00e9xito internacional se extendi\u00f3 a pa\u00edses como Grecia donde se convirti\u00f3 en n\u00famero uno durante varias semanas o Corea donde consigui\u00f3 colocarse entre el Top 5 en su estreno.<\/p>\n<p>DURANTE LATORMENTA se rod\u00f3 en diferentes localizaciones de Barcelona y Las Palmas de Gran Canaria.<br \/>\nEst\u00e1 protagonizada por: ADRIANA UGARTE, CHINO DAR\u00cdN, JAVIER GUTI\u00c9RREZ, NORA NAVAS, \u00c1LVARO MORTE, MIQUEL FERN\u00c1NDEZ, MIMA RIERA, FRANCESC ORELLA, ALBERT P\u00c9REZ, CLARA SEGURA, SILVIA ALONSO Y <strong>AINA CLOTET<\/strong>, entre otros.<\/p>\n<p>&nbsp;<\/p>\n<p>Prensa:\u00a0http:\/\/dypcomunicacion.com\/mirage\/<\/p>\n","protected":false},"excerpt":{"rendered":"<p>DURANTE LA TORMENTA, es el tercer largometraje de Oriol Paulo tras \u201cContratiempo\u201d (2017) y \u201cEl [&hellip;]<\/p>\n","protected":false},"author":1,"featured_media":578,"comment_status":"closed","ping_status":"closed","sticky":false,"template":"","format":"standard","meta":{"footnotes":""},"categories":[2],"tags":[77,76,75],"class_list":["post-577","post","type-post","status-publish","format-standard","has-post-thumbnail","hentry","category-news","tag-aina-clotet-actriz-espanola","tag-aina-clotet-cine-espanol","tag-estrenos-aina-clotete"],"_links":{"self":[{"href":"https:\/\/www.ainaclotet.com\/i\/es\/wp-json\/wp\/v2\/posts\/577","targetHints":{"allow":["GET"]}}],"collection":[{"href":"https:\/\/www.ainaclotet.com\/i\/es\/wp-json\/wp\/v2\/posts"}],"about":[{"href":"https:\/\/www.ainaclotet.com\/i\/es\/wp-json\/wp\/v2\/types\/post"}],"author":[{"embeddable":true,"href":"https:\/\/www.ainaclotet.com\/i\/es\/wp-json\/wp\/v2\/users\/1"}],"replies":[{"embeddable":true,"href":"https:\/\/www.ainaclotet.com\/i\/es\/wp-json\/wp\/v2\/comments?post=577"}],"version-history":[{"count":2,"href":"https:\/\/www.ainaclotet.com\/i\/es\/wp-json\/wp\/v2\/posts\/577\/revisions"}],"predecessor-version":[{"id":580,"href":"https:\/\/www.ainaclotet.com\/i\/es\/wp-json\/wp\/v2\/posts\/577\/revisions\/580"}],"wp:featuredmedia":[{"embeddable":true,"href":"https:\/\/www.ainaclotet.com\/i\/es\/wp-json\/wp\/v2\/media\/578"}],"wp:attachment":[{"href":"https:\/\/www.ainaclotet.com\/i\/es\/wp-json\/wp\/v2\/media?parent=577"}],"wp:term":[{"taxonomy":"category","embeddable":true,"href":"https:\/\/www.ainaclotet.com\/i\/es\/wp-json\/wp\/v2\/categories?post=577"},{"taxonomy":"post_tag","embeddable":true,"href":"https:\/\/www.ainaclotet.com\/i\/es\/wp-json\/wp\/v2\/tags?post=577"}],"curies":[{"name":"wp","href":"https:\/\/api.w.org\/{rel}","templated":true}]}}