{"id":525,"date":"2016-04-23T12:06:56","date_gmt":"2016-04-23T12:06:56","guid":{"rendered":"http:\/\/www.ainaclotet.com\/i\/es\/?p=525"},"modified":"2016-04-25T13:06:26","modified_gmt":"2016-04-25T13:06:26","slug":"tigercorto-com-ya-online","status":"publish","type":"post","link":"https:\/\/www.ainaclotet.com\/i\/es\/2016\/04\/tigercorto-com-ya-online\/","title":{"rendered":"La web tigercorto.com ya online."},"content":{"rendered":"<p>La web del primer cortometraje como directora de Aina Clotet ya est\u00e1 online. En <a href=\"http:\/\/www.tigercorto.com\">www.tigercorto.com<\/a> encontrar\u00e9is todas las noticias relacionadas con este trabajo y acceder a informaci\u00f3n exclusiva de \u00e9l.<\/p>\n<p>Pod\u00e9is ver <strong>TIGER<\/strong> en las pr\u00f3ximas fechas del <a href=\"https:\/\/festivaldemalaga.com\/\">Festival de M\u00e1laga de Cine Espa\u00f1ol<\/a>:<\/p>\n<p>-23 de Abril en el Cine Alb\u00e9niz a las 19:00h<br \/>\n-25 de Abril en el Cine Alb\u00e9niz a las 16:30h<br \/>\n-26 de Abril en C.C.P. Mar\u00eda Victoria Atencia a las 19:00h<\/p>\n<p>Compra los pases <a href=\"https:\/\/festivaldemalaga.com\/pelicula\/ver\/1113\/Tiger-VOSE\">aqu\u00ed<\/a>.<\/p>\n<p><a href=\"http:\/\/www.ainaclotet.com\/i\/es\/wp-content\/uploads\/2016\/04\/tigerweb-1.jpg\" rel=\"attachment wp-att-527\"><img loading=\"lazy\" decoding=\"async\" class=\"size-large wp-image-527 aligncenter\" src=\"http:\/\/www.ainaclotet.com\/i\/es\/wp-content\/uploads\/2016\/04\/tigerweb-1-620x654.jpg\" alt=\"tigerweb\" width=\"620\" height=\"654\" srcset=\"https:\/\/www.ainaclotet.com\/i\/es\/wp-content\/uploads\/2016\/04\/tigerweb-1-620x654.jpg 620w, https:\/\/www.ainaclotet.com\/i\/es\/wp-content\/uploads\/2016\/04\/tigerweb-1-284x300.jpg 284w, https:\/\/www.ainaclotet.com\/i\/es\/wp-content\/uploads\/2016\/04\/tigerweb-1-142x150.jpg 142w, https:\/\/www.ainaclotet.com\/i\/es\/wp-content\/uploads\/2016\/04\/tigerweb-1.jpg 746w\" sizes=\"auto, (max-width: 620px) 100vw, 620px\" \/><\/a><\/p>\n","protected":false},"excerpt":{"rendered":"<p>La web del primer cortometraje como directora de Aina Clotet ya est\u00e1 online. En www.tigercorto.com [&hellip;]<\/p>\n","protected":false},"author":1,"featured_media":527,"comment_status":"closed","ping_status":"closed","sticky":false,"template":"","format":"standard","meta":{"footnotes":""},"categories":[2],"tags":[65,63,64],"class_list":["post-525","post","type-post","status-publish","format-standard","has-post-thumbnail","hentry","category-news","tag-tigercorto","tag-tiger-corto","tag-web"],"_links":{"self":[{"href":"https:\/\/www.ainaclotet.com\/i\/es\/wp-json\/wp\/v2\/posts\/525","targetHints":{"allow":["GET"]}}],"collection":[{"href":"https:\/\/www.ainaclotet.com\/i\/es\/wp-json\/wp\/v2\/posts"}],"about":[{"href":"https:\/\/www.ainaclotet.com\/i\/es\/wp-json\/wp\/v2\/types\/post"}],"author":[{"embeddable":true,"href":"https:\/\/www.ainaclotet.com\/i\/es\/wp-json\/wp\/v2\/users\/1"}],"replies":[{"embeddable":true,"href":"https:\/\/www.ainaclotet.com\/i\/es\/wp-json\/wp\/v2\/comments?post=525"}],"version-history":[{"count":3,"href":"https:\/\/www.ainaclotet.com\/i\/es\/wp-json\/wp\/v2\/posts\/525\/revisions"}],"predecessor-version":[{"id":530,"href":"https:\/\/www.ainaclotet.com\/i\/es\/wp-json\/wp\/v2\/posts\/525\/revisions\/530"}],"wp:featuredmedia":[{"embeddable":true,"href":"https:\/\/www.ainaclotet.com\/i\/es\/wp-json\/wp\/v2\/media\/527"}],"wp:attachment":[{"href":"https:\/\/www.ainaclotet.com\/i\/es\/wp-json\/wp\/v2\/media?parent=525"}],"wp:term":[{"taxonomy":"category","embeddable":true,"href":"https:\/\/www.ainaclotet.com\/i\/es\/wp-json\/wp\/v2\/categories?post=525"},{"taxonomy":"post_tag","embeddable":true,"href":"https:\/\/www.ainaclotet.com\/i\/es\/wp-json\/wp\/v2\/tags?post=525"}],"curies":[{"name":"wp","href":"https:\/\/api.w.org\/{rel}","templated":true}]}}