{"id":519,"date":"2016-04-23T11:51:56","date_gmt":"2016-04-23T11:51:56","guid":{"rendered":"http:\/\/www.ainaclotet.com\/i\/es\/?p=519"},"modified":"2016-04-25T13:56:32","modified_gmt":"2016-04-25T13:56:32","slug":"festivalmalaga2016","status":"publish","type":"post","link":"https:\/\/www.ainaclotet.com\/i\/es\/2016\/04\/festivalmalaga2016\/","title":{"rendered":"19 edici\u00f3n del Festival de M\u00e1laga de Cine Espa\u00f1ol."},"content":{"rendered":"<p>La alfombra roja de la <a href=\"https:\/\/festivaldemalaga.com\/\">19 edici\u00f3n del Festival de M\u00e1laga de Cine Espa\u00f1ol<\/a> se despleg\u00f3 anoche para recibir a los rostros del cine del pa\u00eds hasta el pr\u00f3ximo 1 de Mayo.<\/p>\n<p>Aina Clotet asisti\u00f3 a la gala inaugural en el Teatro Cervantes presentada por Natalia de Molina y Javier Guti\u00e9rrez.<\/p>\n<p>Hoy la actriz ha estrenado su corto <a href=\"http:\/\/www.tigercorto.com\">TIGER<\/a> en el Cine Alb\u00e9niz a las 19:00h con el apoyo del p\u00fablico asistente.<br \/>\nSi quer\u00e9is comprar los pases para las siguientes proyecciones y saber sus fechas, pod\u00e9is hacerlo desde <a href=\"https:\/\/festivaldemalaga.com\/pelicula\/ver\/1113\/Tiger-VOSE\">AQU\u00cd<\/a>.<\/p>\n<p style=\"text-align: center;\"><a href=\"http:\/\/www.ainaclotet.com\/i\/es\/wp-content\/uploads\/2016\/04\/MalagaFilmFestival2016Day1YVcu-tvUtBql.jpg\" rel=\"attachment wp-att-520\"><img loading=\"lazy\" decoding=\"async\" class=\"size-full wp-image-520 aligncenter\" src=\"http:\/\/www.ainaclotet.com\/i\/es\/wp-content\/uploads\/2016\/04\/MalagaFilmFestival2016Day1YVcu-tvUtBql.jpg\" alt=\"Malaga+Film+Festival+2016+Day+1+YVcu-tvUtBql\" width=\"399\" height=\"600\" srcset=\"https:\/\/www.ainaclotet.com\/i\/es\/wp-content\/uploads\/2016\/04\/MalagaFilmFestival2016Day1YVcu-tvUtBql.jpg 399w, https:\/\/www.ainaclotet.com\/i\/es\/wp-content\/uploads\/2016\/04\/MalagaFilmFestival2016Day1YVcu-tvUtBql-200x300.jpg 200w, https:\/\/www.ainaclotet.com\/i\/es\/wp-content\/uploads\/2016\/04\/MalagaFilmFestival2016Day1YVcu-tvUtBql-100x150.jpg 100w\" sizes=\"auto, (max-width: 399px) 100vw, 399px\" \/><\/a>Aina en la gala de apertura de la 19 Edici\u00f3n del Festival de M\u00e1laga de Cine Espa\u00f1ol.<strong><br \/>\n<\/strong><\/p>\n<p style=\"text-align: center;\"><a href=\"http:\/\/www.ainaclotet.com\/i\/es\/wp-content\/uploads\/2016\/04\/48f387_bc482f8aafe7477e89b98f9e5607c293.png\" rel=\"attachment wp-att-521\"><img loading=\"lazy\" decoding=\"async\" class=\"size-large wp-image-521 aligncenter\" src=\"http:\/\/www.ainaclotet.com\/i\/es\/wp-content\/uploads\/2016\/04\/48f387_bc482f8aafe7477e89b98f9e5607c293-620x465.png\" alt=\"48f387_bc482f8aafe7477e89b98f9e5607c293\" width=\"620\" height=\"465\" srcset=\"https:\/\/www.ainaclotet.com\/i\/es\/wp-content\/uploads\/2016\/04\/48f387_bc482f8aafe7477e89b98f9e5607c293-620x465.png 620w, https:\/\/www.ainaclotet.com\/i\/es\/wp-content\/uploads\/2016\/04\/48f387_bc482f8aafe7477e89b98f9e5607c293-300x225.png 300w, https:\/\/www.ainaclotet.com\/i\/es\/wp-content\/uploads\/2016\/04\/48f387_bc482f8aafe7477e89b98f9e5607c293-150x113.png 150w, https:\/\/www.ainaclotet.com\/i\/es\/wp-content\/uploads\/2016\/04\/48f387_bc482f8aafe7477e89b98f9e5607c293.png 640w\" sizes=\"auto, (max-width: 620px) 100vw, 620px\" \/><\/a>Estreno de TIGER en el Cine Alb\u00e9niz.<\/p>\n","protected":false},"excerpt":{"rendered":"<p>La alfombra roja de la 19 edici\u00f3n del Festival de M\u00e1laga de Cine Espa\u00f1ol se [&hellip;]<\/p>\n","protected":false},"author":1,"featured_media":520,"comment_status":"closed","ping_status":"closed","sticky":false,"template":"","format":"standard","meta":{"footnotes":""},"categories":[2],"tags":[34,62,63],"class_list":["post-519","post","type-post","status-publish","format-standard","has-post-thumbnail","hentry","category-news","tag-aina-clotet","tag-festival-de-cine-de-malaga-de-cine-espanol","tag-tiger-corto"],"_links":{"self":[{"href":"https:\/\/www.ainaclotet.com\/i\/es\/wp-json\/wp\/v2\/posts\/519","targetHints":{"allow":["GET"]}}],"collection":[{"href":"https:\/\/www.ainaclotet.com\/i\/es\/wp-json\/wp\/v2\/posts"}],"about":[{"href":"https:\/\/www.ainaclotet.com\/i\/es\/wp-json\/wp\/v2\/types\/post"}],"author":[{"embeddable":true,"href":"https:\/\/www.ainaclotet.com\/i\/es\/wp-json\/wp\/v2\/users\/1"}],"replies":[{"embeddable":true,"href":"https:\/\/www.ainaclotet.com\/i\/es\/wp-json\/wp\/v2\/comments?post=519"}],"version-history":[{"count":6,"href":"https:\/\/www.ainaclotet.com\/i\/es\/wp-json\/wp\/v2\/posts\/519\/revisions"}],"predecessor-version":[{"id":533,"href":"https:\/\/www.ainaclotet.com\/i\/es\/wp-json\/wp\/v2\/posts\/519\/revisions\/533"}],"wp:featuredmedia":[{"embeddable":true,"href":"https:\/\/www.ainaclotet.com\/i\/es\/wp-json\/wp\/v2\/media\/520"}],"wp:attachment":[{"href":"https:\/\/www.ainaclotet.com\/i\/es\/wp-json\/wp\/v2\/media?parent=519"}],"wp:term":[{"taxonomy":"category","embeddable":true,"href":"https:\/\/www.ainaclotet.com\/i\/es\/wp-json\/wp\/v2\/categories?post=519"},{"taxonomy":"post_tag","embeddable":true,"href":"https:\/\/www.ainaclotet.com\/i\/es\/wp-json\/wp\/v2\/tags?post=519"}],"curies":[{"name":"wp","href":"https:\/\/api.w.org\/{rel}","templated":true}]}}