{"id":496,"date":"2015-12-04T16:12:43","date_gmt":"2015-12-04T16:12:43","guid":{"rendered":"http:\/\/www.ainaclotet.com\/i\/es\/?p=496"},"modified":"2016-04-19T19:36:01","modified_gmt":"2016-04-19T19:36:01","slug":"aina-clotet-participa-en-barcelona-nit-dhivern-una-pelicula-de-dani-de-la-orden","status":"publish","type":"post","link":"https:\/\/www.ainaclotet.com\/i\/es\/2015\/12\/aina-clotet-participa-en-barcelona-nit-dhivern-una-pelicula-de-dani-de-la-orden\/","title":{"rendered":"Aina Clotet participa en &#8220;Barcelona, nit d&#8217;hivern&#8221; una pel\u00edcula de Dani de la Orden."},"content":{"rendered":"<p>Aina Clotet es Paula en <em><a href=\"http:\/\/barcelonanitdhivern.com\/\">\u201cBarcelona nit d\u2019hivern\u201d<\/a><\/em>, una pel\u00edcula de Dani de la Orden ambientada en la ciudad de Barcelona, donde la Noche de Reyes, varios personajes viven historias sentimentales muy particulares. El primer amor del Rey Melchor, dos amigos enfrentados por una misma mujer, un joven al que le han roto el coraz\u00f3n mil veces y decide vivir la vida, una mujer de 81 a\u00f1os que desvela su relaci\u00f3n con su mejor amiga, unos padres que deciden separarse esa misma noche m\u00e1gica y la historia de Jaume y C\u00e9cile distanciados por la guerra.<\/p>\n<p>La actriz comparte reparto con \u00c0lex Monner, Berto Romero, Montserrat Carulla, Asunci\u00f3n Balaguer, Clara Segura, Abel Folk, Alberto San Juan, Laura de la Isla, Jos\u00e9 Corbacho, \u00c1lex Maruny, Vicky Luengo, David Guapo, Yolanda Ramos, David Bag\u00e9s, Andrea Compton, Ant\u00f3n Lofer, Ferm\u00ed Reixach, Fanny Gautier, B\u00e1rbara Santa-Cruz, Miki Esparb\u00e9, Alexandra Jim\u00e9nez, Tina S\u00e1inz, Mariano Venancio, Cristian Valencia, Artur Busquets y Bernat Saumell.<\/p>\n<p>En cines a partir del 4 de Diciembre.<\/p>\n<p><a href=\"http:\/\/www.ainaclotet.com\/i\/es\/wp-content\/uploads\/2016\/04\/unspecified.jpg\" rel=\"attachment wp-att-498\"><img loading=\"lazy\" decoding=\"async\" class=\"size-large wp-image-498 aligncenter\" src=\"http:\/\/www.ainaclotet.com\/i\/es\/wp-content\/uploads\/2016\/04\/unspecified-620x930.jpg\" alt=\"Aina en el preestreno de la pel\u00edcula en Barcelona.\" width=\"620\" height=\"930\" srcset=\"https:\/\/www.ainaclotet.com\/i\/es\/wp-content\/uploads\/2016\/04\/unspecified-620x930.jpg 620w, https:\/\/www.ainaclotet.com\/i\/es\/wp-content\/uploads\/2016\/04\/unspecified-200x300.jpg 200w, https:\/\/www.ainaclotet.com\/i\/es\/wp-content\/uploads\/2016\/04\/unspecified-768x1152.jpg 768w, https:\/\/www.ainaclotet.com\/i\/es\/wp-content\/uploads\/2016\/04\/unspecified-100x150.jpg 100w\" sizes=\"auto, (max-width: 620px) 100vw, 620px\" \/><\/a><\/p>\n<p><a href=\"http:\/\/www.ainaclotet.com\/i\/es\/wp-content\/uploads\/2016\/04\/IMG-20160419-WA0021.jpg\" rel=\"attachment wp-att-500\"><img loading=\"lazy\" decoding=\"async\" class=\"size-large wp-image-500 aligncenter\" src=\"http:\/\/www.ainaclotet.com\/i\/es\/wp-content\/uploads\/2016\/04\/IMG-20160419-WA0021-620x465.jpg\" alt=\"IMG-20160419-WA0021\" width=\"620\" height=\"465\" srcset=\"https:\/\/www.ainaclotet.com\/i\/es\/wp-content\/uploads\/2016\/04\/IMG-20160419-WA0021-620x465.jpg 620w, https:\/\/www.ainaclotet.com\/i\/es\/wp-content\/uploads\/2016\/04\/IMG-20160419-WA0021-300x225.jpg 300w, https:\/\/www.ainaclotet.com\/i\/es\/wp-content\/uploads\/2016\/04\/IMG-20160419-WA0021-768x576.jpg 768w, https:\/\/www.ainaclotet.com\/i\/es\/wp-content\/uploads\/2016\/04\/IMG-20160419-WA0021-150x113.jpg 150w, https:\/\/www.ainaclotet.com\/i\/es\/wp-content\/uploads\/2016\/04\/IMG-20160419-WA0021.jpg 1600w\" sizes=\"auto, (max-width: 620px) 100vw, 620px\" \/><\/a><\/p>\n<p style=\"text-align: center;\"><a href=\"http:\/\/www.ainaclotet.com\/i\/es\/wp-content\/uploads\/2016\/04\/IMG-20160419-WA0025.jpg\" rel=\"attachment wp-att-499\"><img loading=\"lazy\" decoding=\"async\" class=\"size-large wp-image-499 aligncenter\" src=\"http:\/\/www.ainaclotet.com\/i\/es\/wp-content\/uploads\/2016\/04\/IMG-20160419-WA0025-620x620.jpg\" alt=\"IMG-20160419-WA0025\" width=\"620\" height=\"620\" srcset=\"https:\/\/www.ainaclotet.com\/i\/es\/wp-content\/uploads\/2016\/04\/IMG-20160419-WA0025-620x620.jpg 620w, https:\/\/www.ainaclotet.com\/i\/es\/wp-content\/uploads\/2016\/04\/IMG-20160419-WA0025-150x150.jpg 150w, https:\/\/www.ainaclotet.com\/i\/es\/wp-content\/uploads\/2016\/04\/IMG-20160419-WA0025-300x300.jpg 300w, https:\/\/www.ainaclotet.com\/i\/es\/wp-content\/uploads\/2016\/04\/IMG-20160419-WA0025-768x768.jpg 768w, https:\/\/www.ainaclotet.com\/i\/es\/wp-content\/uploads\/2016\/04\/IMG-20160419-WA0025.jpg 960w\" sizes=\"auto, (max-width: 620px) 100vw, 620px\" \/><\/a>En el preestreno de la pel\u00edcula.<\/p>\n<p>&nbsp;<\/p>\n","protected":false},"excerpt":{"rendered":"<p>Aina Clotet es Paula en \u201cBarcelona nit d\u2019hivern\u201d, una pel\u00edcula de Dani de la Orden [&hellip;]<\/p>\n","protected":false},"author":1,"featured_media":497,"comment_status":"closed","ping_status":"closed","sticky":false,"template":"","format":"standard","meta":{"footnotes":""},"categories":[2],"tags":[34,59,52],"class_list":["post-496","post","type-post","status-publish","format-standard","has-post-thumbnail","hentry","category-news","tag-aina-clotet","tag-barcelona-nit-dhivern","tag-dani-de-la-orden"],"_links":{"self":[{"href":"https:\/\/www.ainaclotet.com\/i\/es\/wp-json\/wp\/v2\/posts\/496","targetHints":{"allow":["GET"]}}],"collection":[{"href":"https:\/\/www.ainaclotet.com\/i\/es\/wp-json\/wp\/v2\/posts"}],"about":[{"href":"https:\/\/www.ainaclotet.com\/i\/es\/wp-json\/wp\/v2\/types\/post"}],"author":[{"embeddable":true,"href":"https:\/\/www.ainaclotet.com\/i\/es\/wp-json\/wp\/v2\/users\/1"}],"replies":[{"embeddable":true,"href":"https:\/\/www.ainaclotet.com\/i\/es\/wp-json\/wp\/v2\/comments?post=496"}],"version-history":[{"count":8,"href":"https:\/\/www.ainaclotet.com\/i\/es\/wp-json\/wp\/v2\/posts\/496\/revisions"}],"predecessor-version":[{"id":518,"href":"https:\/\/www.ainaclotet.com\/i\/es\/wp-json\/wp\/v2\/posts\/496\/revisions\/518"}],"wp:featuredmedia":[{"embeddable":true,"href":"https:\/\/www.ainaclotet.com\/i\/es\/wp-json\/wp\/v2\/media\/497"}],"wp:attachment":[{"href":"https:\/\/www.ainaclotet.com\/i\/es\/wp-json\/wp\/v2\/media?parent=496"}],"wp:term":[{"taxonomy":"category","embeddable":true,"href":"https:\/\/www.ainaclotet.com\/i\/es\/wp-json\/wp\/v2\/categories?post=496"},{"taxonomy":"post_tag","embeddable":true,"href":"https:\/\/www.ainaclotet.com\/i\/es\/wp-json\/wp\/v2\/tags?post=496"}],"curies":[{"name":"wp","href":"https:\/\/api.w.org\/{rel}","templated":true}]}}