{"id":49,"date":"2012-12-01T05:02:01","date_gmt":"2012-12-01T05:02:01","guid":{"rendered":"http:\/\/69.195.124.79\/~ainaclot\/i\/es\/?p=49"},"modified":"2013-01-19T18:33:50","modified_gmt":"2013-01-19T18:33:50","slug":"finaliza-el-rodaje-de-la-2a-temporada-de-la-serie-gran-nord-tv3","status":"publish","type":"post","link":"https:\/\/www.ainaclotet.com\/i\/es\/2012\/12\/finaliza-el-rodaje-de-la-2a-temporada-de-la-serie-gran-nord-tv3\/","title":{"rendered":"Finaliza el rodaje de la 2a temporada de la serie Gran Nord, tv3"},"content":{"rendered":"<p>La agente Anna Obach (Aina Clotet) es una joven subinspectora de los Mossos d&#8217;Esquadra, con un brillante expediente y un futuro prometedor. Anna tiene un car\u00e1cter obstinado que, unido a un acusado sentido de la justicia y del deber, hace que a menudo tenga problemas con sus superiores. Un d\u00eda mete la pata, y su superior la degrada y la destina en el Gran Nord, un valle poco conocido de los Pirineos. Gran Nord es un lugar especial, como lo acostumbran a ser, para los habitantes de las ciudades, la mayor\u00eda de pueblecitos de alta monta\u00f1a cualquier d\u00eda laborable, pero muy normal para la gente que vive all\u00ed cada d\u00eda.<\/p>\n<p>Anna, una mujer de ciudad y con un gran sentido del deber, una defensora absoluta de la ley, empieza una nueva vida en este pueblo, donde su sistema de creencias se ver\u00e1 trastornado absolutamente. Aquella moza de escuadra que no quer\u00eda ir castigada a este rinc\u00f3n del mundo descubrir\u00e1 el Gran Nord su lugar en el mundo y, en cierto modo, vivir\u00e1 una experiencia inici\u00e1tica.<\/p>\n<p><img loading=\"lazy\" decoding=\"async\" src=\"http:\/\/www.ainaclotet.com\/i\/es\/wp-content\/uploads\/2013\/01\/gran-nord-1.jpg\" alt=\"gran nord 1\" width=\"620\" height=\"465\" class=\"alignnone size-full wp-image-50\" srcset=\"https:\/\/www.ainaclotet.com\/i\/es\/wp-content\/uploads\/2013\/01\/gran-nord-1.jpg 620w, https:\/\/www.ainaclotet.com\/i\/es\/wp-content\/uploads\/2013\/01\/gran-nord-1-300x225.jpg 300w, https:\/\/www.ainaclotet.com\/i\/es\/wp-content\/uploads\/2013\/01\/gran-nord-1-150x112.jpg 150w\" sizes=\"auto, (max-width: 620px) 100vw, 620px\" \/><\/p>\n<p><img loading=\"lazy\" decoding=\"async\" src=\"http:\/\/www.ainaclotet.com\/i\/es\/wp-content\/uploads\/2013\/01\/gran-nord-2.jpg\" alt=\"gran nord 2\" width=\"620\" height=\"465\" class=\"alignnone size-full wp-image-51\" srcset=\"https:\/\/www.ainaclotet.com\/i\/es\/wp-content\/uploads\/2013\/01\/gran-nord-2.jpg 620w, https:\/\/www.ainaclotet.com\/i\/es\/wp-content\/uploads\/2013\/01\/gran-nord-2-300x225.jpg 300w, https:\/\/www.ainaclotet.com\/i\/es\/wp-content\/uploads\/2013\/01\/gran-nord-2-150x112.jpg 150w\" sizes=\"auto, (max-width: 620px) 100vw, 620px\" \/><\/p>\n","protected":false},"excerpt":{"rendered":"<p>La agente Anna Obach (Aina Clotet) es una joven subinspectora de los Mossos d&#8217;Esquadra, con [&hellip;]<\/p>\n","protected":false},"author":1,"featured_media":51,"comment_status":"closed","ping_status":"closed","sticky":false,"template":"","format":"standard","meta":{"footnotes":""},"categories":[2],"tags":[10,9,8],"class_list":["post-49","post","type-post","status-publish","format-standard","has-post-thumbnail","hentry","category-news","tag-gran-nord","tag-series","tag-tv"],"_links":{"self":[{"href":"https:\/\/www.ainaclotet.com\/i\/es\/wp-json\/wp\/v2\/posts\/49","targetHints":{"allow":["GET"]}}],"collection":[{"href":"https:\/\/www.ainaclotet.com\/i\/es\/wp-json\/wp\/v2\/posts"}],"about":[{"href":"https:\/\/www.ainaclotet.com\/i\/es\/wp-json\/wp\/v2\/types\/post"}],"author":[{"embeddable":true,"href":"https:\/\/www.ainaclotet.com\/i\/es\/wp-json\/wp\/v2\/users\/1"}],"replies":[{"embeddable":true,"href":"https:\/\/www.ainaclotet.com\/i\/es\/wp-json\/wp\/v2\/comments?post=49"}],"version-history":[{"count":0,"href":"https:\/\/www.ainaclotet.com\/i\/es\/wp-json\/wp\/v2\/posts\/49\/revisions"}],"wp:featuredmedia":[{"embeddable":true,"href":"https:\/\/www.ainaclotet.com\/i\/es\/wp-json\/wp\/v2\/media\/51"}],"wp:attachment":[{"href":"https:\/\/www.ainaclotet.com\/i\/es\/wp-json\/wp\/v2\/media?parent=49"}],"wp:term":[{"taxonomy":"category","embeddable":true,"href":"https:\/\/www.ainaclotet.com\/i\/es\/wp-json\/wp\/v2\/categories?post=49"},{"taxonomy":"post_tag","embeddable":true,"href":"https:\/\/www.ainaclotet.com\/i\/es\/wp-json\/wp\/v2\/tags?post=49"}],"curies":[{"name":"wp","href":"https:\/\/api.w.org\/{rel}","templated":true}]}}