{"id":489,"date":"2016-02-01T15:44:27","date_gmt":"2016-02-01T15:44:27","guid":{"rendered":"http:\/\/www.ainaclotet.com\/i\/es\/?p=489"},"modified":"2016-04-19T19:23:46","modified_gmt":"2016-04-19T19:23:46","slug":"aina-clotet-nominada-a-los-premios-gaudi-2016-por-barcelona-nit-dhivern","status":"publish","type":"post","link":"https:\/\/www.ainaclotet.com\/i\/es\/2016\/02\/aina-clotet-nominada-a-los-premios-gaudi-2016-por-barcelona-nit-dhivern\/","title":{"rendered":"Aina Clotet, nominada a Mejor Actriz Secundaria en los Premios Gaud\u00ed 2016 por &#8220;Barcelona, nit d&#8217;hivern&#8221;."},"content":{"rendered":"<p>Aina Clotet ha sido nominada a los <strong>Premios Gaud\u00ed 2016<\/strong> como Mejor Actriz Secundaria por <em>\u201cBarcelona, nit d\u2019hivern\u201d<\/em>, una pel\u00edcula de Dani de la Orden.<\/p>\n<p>El pasado 31 de Enero se celebraba la octava edici\u00f3n de los premios que otorga la Acad\u00e8mia de Cinema Catal\u00e1. La gala, presentada por Rossy de Palma, la disfrutaron m\u00e1s de 2000 asistentes.<\/p>\n<p>La cinta obtuvo varias nominaciones, incluyendo la de Mejor Pel\u00edcula, Mejor Direcci\u00f3n y Mejor Gui\u00f3n.<\/p>\n<p style=\"text-align: center;\"><a href=\"http:\/\/www.ainaclotet.com\/i\/es\/wp-content\/uploads\/2016\/02\/IMG-20160419-WA0020-1.jpg\" rel=\"attachment wp-att-511\"><img loading=\"lazy\" decoding=\"async\" class=\"size-large wp-image-511 aligncenter\" src=\"http:\/\/www.ainaclotet.com\/i\/es\/wp-content\/uploads\/2016\/02\/IMG-20160419-WA0020-1-620x620.jpg\" alt=\"IMG-20160419-WA0020\" width=\"620\" height=\"620\" srcset=\"https:\/\/www.ainaclotet.com\/i\/es\/wp-content\/uploads\/2016\/02\/IMG-20160419-WA0020-1-620x620.jpg 620w, https:\/\/www.ainaclotet.com\/i\/es\/wp-content\/uploads\/2016\/02\/IMG-20160419-WA0020-1-150x150.jpg 150w, https:\/\/www.ainaclotet.com\/i\/es\/wp-content\/uploads\/2016\/02\/IMG-20160419-WA0020-1-300x300.jpg 300w, https:\/\/www.ainaclotet.com\/i\/es\/wp-content\/uploads\/2016\/02\/IMG-20160419-WA0020-1-768x768.jpg 768w, https:\/\/www.ainaclotet.com\/i\/es\/wp-content\/uploads\/2016\/02\/IMG-20160419-WA0020-1.jpg 1600w\" sizes=\"auto, (max-width: 620px) 100vw, 620px\" \/><\/a>Aina es Paula en &#8220;Barcelona, nit d&#8217;hivern&#8221;.<\/p>\n","protected":false},"excerpt":{"rendered":"<p>Aina Clotet ha sido nominada a los Premios Gaud\u00ed 2016 como Mejor Actriz Secundaria por [&hellip;]<\/p>\n","protected":false},"author":1,"featured_media":492,"comment_status":"closed","ping_status":"closed","sticky":false,"template":"","format":"standard","meta":{"footnotes":""},"categories":[2],"tags":[34,58,25,57],"class_list":["post-489","post","type-post","status-publish","format-standard","has-post-thumbnail","hentry","category-news","tag-aina-clotet","tag-nominacion","tag-premios-gaudi","tag-premis-gaudi"],"_links":{"self":[{"href":"https:\/\/www.ainaclotet.com\/i\/es\/wp-json\/wp\/v2\/posts\/489","targetHints":{"allow":["GET"]}}],"collection":[{"href":"https:\/\/www.ainaclotet.com\/i\/es\/wp-json\/wp\/v2\/posts"}],"about":[{"href":"https:\/\/www.ainaclotet.com\/i\/es\/wp-json\/wp\/v2\/types\/post"}],"author":[{"embeddable":true,"href":"https:\/\/www.ainaclotet.com\/i\/es\/wp-json\/wp\/v2\/users\/1"}],"replies":[{"embeddable":true,"href":"https:\/\/www.ainaclotet.com\/i\/es\/wp-json\/wp\/v2\/comments?post=489"}],"version-history":[{"count":7,"href":"https:\/\/www.ainaclotet.com\/i\/es\/wp-json\/wp\/v2\/posts\/489\/revisions"}],"predecessor-version":[{"id":514,"href":"https:\/\/www.ainaclotet.com\/i\/es\/wp-json\/wp\/v2\/posts\/489\/revisions\/514"}],"wp:featuredmedia":[{"embeddable":true,"href":"https:\/\/www.ainaclotet.com\/i\/es\/wp-json\/wp\/v2\/media\/492"}],"wp:attachment":[{"href":"https:\/\/www.ainaclotet.com\/i\/es\/wp-json\/wp\/v2\/media?parent=489"}],"wp:term":[{"taxonomy":"category","embeddable":true,"href":"https:\/\/www.ainaclotet.com\/i\/es\/wp-json\/wp\/v2\/categories?post=489"},{"taxonomy":"post_tag","embeddable":true,"href":"https:\/\/www.ainaclotet.com\/i\/es\/wp-json\/wp\/v2\/tags?post=489"}],"curies":[{"name":"wp","href":"https:\/\/api.w.org\/{rel}","templated":true}]}}