{"id":462,"date":"2015-01-27T10:51:12","date_gmt":"2015-01-27T10:51:12","guid":{"rendered":"http:\/\/www.ainaclotet.com\/i\/es\/?p=462"},"modified":"2015-01-27T10:51:12","modified_gmt":"2015-01-27T10:51:12","slug":"aina-clotet-nominada-a-mejor-actriz-protagonista-en-los-premios-gaudi-2015-por-rastros-de-sandalo","status":"publish","type":"post","link":"https:\/\/www.ainaclotet.com\/i\/es\/2015\/01\/aina-clotet-nominada-a-mejor-actriz-protagonista-en-los-premios-gaudi-2015-por-rastros-de-sandalo\/","title":{"rendered":"Aina Clotet nominada a Mejor Actriz Protagonista en los Premios Gaud\u00ed 2015 por &#8220;Rastros de S\u00e1ndalo&#8221;"},"content":{"rendered":"<p>Aina Clotet ha sido nominada a los Premios Gaud\u00ed por su interpretaci\u00f3n en la pel\u00edcula &#8220;Rastros de S\u00e1ndalo&#8221; de Mar\u00eda Ripoll.<\/p>\n<p>En la pel\u00edcula interpreta a Paula, Una bi\u00f3loga que de repente descubrir\u00e1 que fue adoptada de peque\u00f1a y que sus or\u00edgenes son muy diferentes de los que ella hab\u00eda cre\u00eddo toda su vida.<\/p>\n<p>La pel\u00edcula ha sido nominada a otras 8 categor\u00edas, incluyendo la de Mejor Pel\u00edcula.<\/p>\n<p>La gala tendr\u00e1 lugar el pr\u00f3ximo 1 de febrero en Barcelona.<\/p>\n<p><a href=\"http:\/\/www.ainaclotet.com\/i\/es\/wp-content\/uploads\/2015\/01\/nominats1.jpg\"><img loading=\"lazy\" decoding=\"async\" class=\"alignnone size-full wp-image-463\" alt=\"nominats1\" src=\"http:\/\/www.ainaclotet.com\/i\/es\/wp-content\/uploads\/2015\/01\/nominats1.jpg\" width=\"489\" height=\"326\" srcset=\"https:\/\/www.ainaclotet.com\/i\/es\/wp-content\/uploads\/2015\/01\/nominats1.jpg 489w, https:\/\/www.ainaclotet.com\/i\/es\/wp-content\/uploads\/2015\/01\/nominats1-300x200.jpg 300w, https:\/\/www.ainaclotet.com\/i\/es\/wp-content\/uploads\/2015\/01\/nominats1-150x100.jpg 150w\" sizes=\"auto, (max-width: 489px) 100vw, 489px\" \/><\/a><\/p>\n<p>&nbsp;<\/p>\n<p>Aina Clotet con el actor Sergi L\u00f3pez y la presidenta de la Academia de Cine de Catalu\u00f1a Isona Passola.<\/p>\n<p><a href=\"http:\/\/www.ainaclotet.com\/i\/es\/wp-content\/uploads\/2015\/01\/nominats2.jpg\"><img loading=\"lazy\" decoding=\"async\" class=\"alignnone size-full wp-image-464\" alt=\"nominats2\" src=\"http:\/\/www.ainaclotet.com\/i\/es\/wp-content\/uploads\/2015\/01\/nominats2.jpg\" width=\"482\" height=\"644\" srcset=\"https:\/\/www.ainaclotet.com\/i\/es\/wp-content\/uploads\/2015\/01\/nominats2.jpg 482w, https:\/\/www.ainaclotet.com\/i\/es\/wp-content\/uploads\/2015\/01\/nominats2-224x300.jpg 224w, https:\/\/www.ainaclotet.com\/i\/es\/wp-content\/uploads\/2015\/01\/nominats2-112x150.jpg 112w\" sizes=\"auto, (max-width: 482px) 100vw, 482px\" \/><\/a><\/p>\n<p><a href=\"http:\/\/www.ainaclotet.com\/i\/es\/wp-content\/uploads\/2015\/01\/nominats3.jpg\"><img loading=\"lazy\" decoding=\"async\" class=\"alignnone size-full wp-image-465\" alt=\"nominats3\" src=\"http:\/\/www.ainaclotet.com\/i\/es\/wp-content\/uploads\/2015\/01\/nominats3.jpg\" width=\"1024\" height=\"576\" srcset=\"https:\/\/www.ainaclotet.com\/i\/es\/wp-content\/uploads\/2015\/01\/nominats3.jpg 1024w, https:\/\/www.ainaclotet.com\/i\/es\/wp-content\/uploads\/2015\/01\/nominats3-300x168.jpg 300w, https:\/\/www.ainaclotet.com\/i\/es\/wp-content\/uploads\/2015\/01\/nominats3-620x348.jpg 620w, https:\/\/www.ainaclotet.com\/i\/es\/wp-content\/uploads\/2015\/01\/nominats3-150x84.jpg 150w\" sizes=\"auto, (max-width: 1024px) 100vw, 1024px\" \/><\/a><\/p>\n<p>&nbsp;<\/p>\n<p>Foto de nominados de los Premios Gaud\u00ed 2015<\/p>\n","protected":false},"excerpt":{"rendered":"<p>Aina Clotet ha sido nominada a los Premios Gaud\u00ed por su interpretaci\u00f3n en la pel\u00edcula [&hellip;]<\/p>\n","protected":false},"author":1,"featured_media":463,"comment_status":"closed","ping_status":"closed","sticky":false,"template":"","format":"standard","meta":{"footnotes":""},"categories":[2],"tags":[50,25],"class_list":["post-462","post","type-post","status-publish","format-standard","has-post-thumbnail","hentry","category-news","tag-aina-clotet-premios-gaudi","tag-premios-gaudi"],"_links":{"self":[{"href":"https:\/\/www.ainaclotet.com\/i\/es\/wp-json\/wp\/v2\/posts\/462","targetHints":{"allow":["GET"]}}],"collection":[{"href":"https:\/\/www.ainaclotet.com\/i\/es\/wp-json\/wp\/v2\/posts"}],"about":[{"href":"https:\/\/www.ainaclotet.com\/i\/es\/wp-json\/wp\/v2\/types\/post"}],"author":[{"embeddable":true,"href":"https:\/\/www.ainaclotet.com\/i\/es\/wp-json\/wp\/v2\/users\/1"}],"replies":[{"embeddable":true,"href":"https:\/\/www.ainaclotet.com\/i\/es\/wp-json\/wp\/v2\/comments?post=462"}],"version-history":[{"count":1,"href":"https:\/\/www.ainaclotet.com\/i\/es\/wp-json\/wp\/v2\/posts\/462\/revisions"}],"predecessor-version":[{"id":466,"href":"https:\/\/www.ainaclotet.com\/i\/es\/wp-json\/wp\/v2\/posts\/462\/revisions\/466"}],"wp:featuredmedia":[{"embeddable":true,"href":"https:\/\/www.ainaclotet.com\/i\/es\/wp-json\/wp\/v2\/media\/463"}],"wp:attachment":[{"href":"https:\/\/www.ainaclotet.com\/i\/es\/wp-json\/wp\/v2\/media?parent=462"}],"wp:term":[{"taxonomy":"category","embeddable":true,"href":"https:\/\/www.ainaclotet.com\/i\/es\/wp-json\/wp\/v2\/categories?post=462"},{"taxonomy":"post_tag","embeddable":true,"href":"https:\/\/www.ainaclotet.com\/i\/es\/wp-json\/wp\/v2\/tags?post=462"}],"curies":[{"name":"wp","href":"https:\/\/api.w.org\/{rel}","templated":true}]}}