{"id":46,"date":"2012-07-16T04:59:29","date_gmt":"2012-07-16T04:59:29","guid":{"rendered":"http:\/\/69.195.124.79\/~ainaclot\/i\/es\/?p=46"},"modified":"2013-01-19T18:30:45","modified_gmt":"2013-01-19T18:30:45","slug":"aina-clotet-participa-en-el-film-frances-les-infidels-a-las-ordenes-del-oscacrizado-michel-hazanavicius","status":"publish","type":"post","link":"https:\/\/www.ainaclotet.com\/i\/es\/2012\/07\/aina-clotet-participa-en-el-film-frances-les-infidels-a-las-ordenes-del-oscacrizado-michel-hazanavicius\/","title":{"rendered":"Aina Clotet participa en el film franc\u00e9s &#8220;Les Infid\u00e8ls&#8221; a las \u00f3rdenes del oscarizado Michel Hazanavicius"},"content":{"rendered":"<p>Aina Clotet participa en la pel\u00edcula Les Infid\u00e8ls, dirigida por Michel Hazanavicius y en la que comparte secuencias con el oscarizado Jean Dujardin. En la cinta Les Infid\u00e8ls (Los infieles), pel\u00edcula epis\u00f3dica dirigida por varios cineastas entre los que se encuentran el propio Dujardin, Gilles lellouche, Fred Cavay\u00e9, etc, comparte una secuencia del corto dirgido por Michel Hazanavicius \u2013recientemente oscarizado por The Artist\u2013 con el que ha sido elegido como el mejor actor del a\u00f1o por la Academia de Hollywood, Jean Dujardin, protagonista de la historia junto a Gilles Lellouche.<\/p>\n<p>El largometraje narra las aventuras de dos hombres ad\u00falteros en clave de humor a trav\u00e9s de sketches y tiene ya cerrada su distribuci\u00f3n en Estados Unidos de la mano de los Weinstein.<\/p>\n<p><img loading=\"lazy\" decoding=\"async\" src=\"http:\/\/www.ainaclotet.com\/i\/es\/wp-content\/uploads\/2013\/01\/les-infid\u00e8ls-2.jpg\" alt=\"les infid\u00e8ls 2\" width=\"620\" height=\"843\" class=\"alignnone size-full wp-image-47\" srcset=\"https:\/\/www.ainaclotet.com\/i\/es\/wp-content\/uploads\/2013\/01\/les-infid\u00e8ls-2.jpg 620w, https:\/\/www.ainaclotet.com\/i\/es\/wp-content\/uploads\/2013\/01\/les-infid\u00e8ls-2-220x300.jpg 220w, https:\/\/www.ainaclotet.com\/i\/es\/wp-content\/uploads\/2013\/01\/les-infid\u00e8ls-2-110x150.jpg 110w\" sizes=\"auto, (max-width: 620px) 100vw, 620px\" \/><\/p>\n","protected":false},"excerpt":{"rendered":"<p>Aina Clotet participa en la pel\u00edcula Les Infid\u00e8ls, dirigida por Michel Hazanavicius y en la [&hellip;]<\/p>\n","protected":false},"author":1,"featured_media":47,"comment_status":"closed","ping_status":"closed","sticky":false,"template":"","format":"standard","meta":{"footnotes":""},"categories":[2],"tags":[5,6],"class_list":["post-46","post","type-post","status-publish","format-standard","has-post-thumbnail","hentry","category-news","tag-awards","tag-movies"],"_links":{"self":[{"href":"https:\/\/www.ainaclotet.com\/i\/es\/wp-json\/wp\/v2\/posts\/46","targetHints":{"allow":["GET"]}}],"collection":[{"href":"https:\/\/www.ainaclotet.com\/i\/es\/wp-json\/wp\/v2\/posts"}],"about":[{"href":"https:\/\/www.ainaclotet.com\/i\/es\/wp-json\/wp\/v2\/types\/post"}],"author":[{"embeddable":true,"href":"https:\/\/www.ainaclotet.com\/i\/es\/wp-json\/wp\/v2\/users\/1"}],"replies":[{"embeddable":true,"href":"https:\/\/www.ainaclotet.com\/i\/es\/wp-json\/wp\/v2\/comments?post=46"}],"version-history":[{"count":0,"href":"https:\/\/www.ainaclotet.com\/i\/es\/wp-json\/wp\/v2\/posts\/46\/revisions"}],"wp:featuredmedia":[{"embeddable":true,"href":"https:\/\/www.ainaclotet.com\/i\/es\/wp-json\/wp\/v2\/media\/47"}],"wp:attachment":[{"href":"https:\/\/www.ainaclotet.com\/i\/es\/wp-json\/wp\/v2\/media?parent=46"}],"wp:term":[{"taxonomy":"category","embeddable":true,"href":"https:\/\/www.ainaclotet.com\/i\/es\/wp-json\/wp\/v2\/categories?post=46"},{"taxonomy":"post_tag","embeddable":true,"href":"https:\/\/www.ainaclotet.com\/i\/es\/wp-json\/wp\/v2\/tags?post=46"}],"curies":[{"name":"wp","href":"https:\/\/api.w.org\/{rel}","templated":true}]}}