{"id":435,"date":"2014-10-27T12:54:20","date_gmt":"2014-10-27T12:54:20","guid":{"rendered":"http:\/\/www.ainaclotet.com\/i\/es\/?p=435"},"modified":"2014-10-27T12:54:20","modified_gmt":"2014-10-27T12:54:20","slug":"rastros-de-sandalo-en-la-seminci-2014","status":"publish","type":"post","link":"https:\/\/www.ainaclotet.com\/i\/es\/2014\/10\/rastros-de-sandalo-en-la-seminci-2014\/","title":{"rendered":"&#8220;Rastros de S\u00e1ndalo&#8221; en la seminci 2014."},"content":{"rendered":"<p>La pel\u00edcula &#8220;Rastros de S\u00e1ndalo&#8221; dirigida por Mar\u00eda Ripoll ha participado en la secci\u00f3n oficial fuera de concurso del festival Internacional de Cine de Valladolid. Su estreno en Espa\u00f1a tendr\u00e1 lugar el 28 de Noviembre.<\/p>\n<p><div id=\"attachment_439\" style=\"width: 567px\" class=\"wp-caption alignnone\"><a href=\"http:\/\/www.ainaclotet.com\/i\/es\/wp-content\/uploads\/2014\/10\/seminci.jpg\"><img loading=\"lazy\" decoding=\"async\" aria-describedby=\"caption-attachment-439\" src=\"http:\/\/www.ainaclotet.com\/i\/es\/wp-content\/uploads\/2014\/10\/seminci.jpg\" alt=\"vestido y complementos de Menchen Tomas\" width=\"557\" height=\"853\" class=\"size-full wp-image-439\" srcset=\"https:\/\/www.ainaclotet.com\/i\/es\/wp-content\/uploads\/2014\/10\/seminci.jpg 557w, https:\/\/www.ainaclotet.com\/i\/es\/wp-content\/uploads\/2014\/10\/seminci-195x300.jpg 195w, https:\/\/www.ainaclotet.com\/i\/es\/wp-content\/uploads\/2014\/10\/seminci-97x150.jpg 97w\" sizes=\"auto, (max-width: 557px) 100vw, 557px\" \/><\/a><p id=\"caption-attachment-439\" class=\"wp-caption-text\">vestido y complementos de Menchen Tomas<\/p><\/div><br \/>\nAina Clotet en la alfombra roja de la seminci 2014<\/p>\n<p><a href=\"http:\/\/www.ainaclotet.com\/i\/es\/wp-content\/uploads\/2014\/10\/tres-maries-seminci.jpg\"><img loading=\"lazy\" decoding=\"async\" src=\"http:\/\/www.ainaclotet.com\/i\/es\/wp-content\/uploads\/2014\/10\/tres-maries-seminci.jpg\" alt=\"tres maries seminci\" width=\"643\" height=\"362\" class=\"alignnone size-full wp-image-440\" srcset=\"https:\/\/www.ainaclotet.com\/i\/es\/wp-content\/uploads\/2014\/10\/tres-maries-seminci.jpg 643w, https:\/\/www.ainaclotet.com\/i\/es\/wp-content\/uploads\/2014\/10\/tres-maries-seminci-300x168.jpg 300w, https:\/\/www.ainaclotet.com\/i\/es\/wp-content\/uploads\/2014\/10\/tres-maries-seminci-620x349.jpg 620w, https:\/\/www.ainaclotet.com\/i\/es\/wp-content\/uploads\/2014\/10\/tres-maries-seminci-150x84.jpg 150w\" sizes=\"auto, (max-width: 643px) 100vw, 643px\" \/><\/a><br \/>\nDirectora Mar\u00eda Ripoll, Aina Clotet, productora Anna Soler-Pont<\/p>\n<p><a href=\"http:\/\/www.ainaclotet.com\/i\/es\/wp-content\/uploads\/2014\/10\/vestit-curt-seminci.jpg\"><img loading=\"lazy\" decoding=\"async\" src=\"http:\/\/www.ainaclotet.com\/i\/es\/wp-content\/uploads\/2014\/10\/vestit-curt-seminci.jpg\" alt=\"vestit curt seminci\" width=\"597\" height=\"800\" class=\"alignnone size-full wp-image-441\" srcset=\"https:\/\/www.ainaclotet.com\/i\/es\/wp-content\/uploads\/2014\/10\/vestit-curt-seminci.jpg 597w, https:\/\/www.ainaclotet.com\/i\/es\/wp-content\/uploads\/2014\/10\/vestit-curt-seminci-223x300.jpg 223w, https:\/\/www.ainaclotet.com\/i\/es\/wp-content\/uploads\/2014\/10\/vestit-curt-seminci-111x150.jpg 111w\" sizes=\"auto, (max-width: 597px) 100vw, 597px\" \/><\/a><br \/>\nAina Clotet<\/p>\n<p><a href=\"http:\/\/www.ainaclotet.com\/i\/es\/wp-content\/uploads\/2014\/10\/les-4-seminci.jpg\"><img loading=\"lazy\" decoding=\"async\" src=\"http:\/\/www.ainaclotet.com\/i\/es\/wp-content\/uploads\/2014\/10\/les-4-seminci.jpg\" alt=\"les 4 seminci\" width=\"814\" height=\"480\" class=\"alignnone size-full wp-image-437\" srcset=\"https:\/\/www.ainaclotet.com\/i\/es\/wp-content\/uploads\/2014\/10\/les-4-seminci.jpg 814w, https:\/\/www.ainaclotet.com\/i\/es\/wp-content\/uploads\/2014\/10\/les-4-seminci-300x176.jpg 300w, https:\/\/www.ainaclotet.com\/i\/es\/wp-content\/uploads\/2014\/10\/les-4-seminci-620x365.jpg 620w, https:\/\/www.ainaclotet.com\/i\/es\/wp-content\/uploads\/2014\/10\/les-4-seminci-150x88.jpg 150w\" sizes=\"auto, (max-width: 814px) 100vw, 814px\" \/><\/a><br \/>\nGuionista y productora Anna Soler-Pont, Directora Maria Ripoll, Aina Clotet y directora de fotograf\u00eda Raquel Fern\u00e1ndez.<\/p>\n<p><a href=\"http:\/\/www.ainaclotet.com\/i\/es\/wp-content\/uploads\/2014\/10\/cracks-seminci.jpg\"><img loading=\"lazy\" decoding=\"async\" src=\"http:\/\/www.ainaclotet.com\/i\/es\/wp-content\/uploads\/2014\/10\/cracks-seminci.jpg\" alt=\"cracks seminci\" width=\"640\" height=\"640\" class=\"alignnone size-full wp-image-436\" srcset=\"https:\/\/www.ainaclotet.com\/i\/es\/wp-content\/uploads\/2014\/10\/cracks-seminci.jpg 640w, https:\/\/www.ainaclotet.com\/i\/es\/wp-content\/uploads\/2014\/10\/cracks-seminci-150x150.jpg 150w, https:\/\/www.ainaclotet.com\/i\/es\/wp-content\/uploads\/2014\/10\/cracks-seminci-300x300.jpg 300w, https:\/\/www.ainaclotet.com\/i\/es\/wp-content\/uploads\/2014\/10\/cracks-seminci-620x620.jpg 620w\" sizes=\"auto, (max-width: 640px) 100vw, 640px\" \/><\/a><br \/>\nRub\u00e9n Ochandiano, Joon-ho Bong, Aina Clotet, Yvonne Blake and Javier Angulo.<\/p>\n<p><a href=\"http:\/\/www.ainaclotet.com\/i\/es\/wp-content\/uploads\/2014\/10\/photocall-seminci.jpg\"><img loading=\"lazy\" decoding=\"async\" src=\"http:\/\/www.ainaclotet.com\/i\/es\/wp-content\/uploads\/2014\/10\/photocall-seminci.jpg\" alt=\"photocall seminci\" width=\"800\" height=\"800\" class=\"alignnone size-full wp-image-438\" srcset=\"https:\/\/www.ainaclotet.com\/i\/es\/wp-content\/uploads\/2014\/10\/photocall-seminci.jpg 800w, https:\/\/www.ainaclotet.com\/i\/es\/wp-content\/uploads\/2014\/10\/photocall-seminci-150x150.jpg 150w, https:\/\/www.ainaclotet.com\/i\/es\/wp-content\/uploads\/2014\/10\/photocall-seminci-300x300.jpg 300w, https:\/\/www.ainaclotet.com\/i\/es\/wp-content\/uploads\/2014\/10\/photocall-seminci-620x620.jpg 620w\" sizes=\"auto, (max-width: 800px) 100vw, 800px\" \/><\/a><br \/>\nCompositora Zeltia Montes, Maria Ripoll, Anna Soler-Pont, Aina Clotet y el productor de cine Paco Ramos.<\/p>\n","protected":false},"excerpt":{"rendered":"<p>La pel\u00edcula &#8220;Rastros de S\u00e1ndalo&#8221; dirigida por Mar\u00eda Ripoll ha participado en la secci\u00f3n oficial [&hellip;]<\/p>\n","protected":false},"author":1,"featured_media":442,"comment_status":"closed","ping_status":"closed","sticky":false,"template":"","format":"standard","meta":{"footnotes":""},"categories":[2],"tags":[34,41,39,43,32,38,42],"class_list":["post-435","post","type-post","status-publish","format-standard","has-post-thumbnail","hentry","category-news","tag-aina-clotet","tag-festival-de-cine-de-valladolid","tag-india","tag-maria-ripoll","tag-nandita-das","tag-rastros-de-sandalo","tag-seminci"],"_links":{"self":[{"href":"https:\/\/www.ainaclotet.com\/i\/es\/wp-json\/wp\/v2\/posts\/435","targetHints":{"allow":["GET"]}}],"collection":[{"href":"https:\/\/www.ainaclotet.com\/i\/es\/wp-json\/wp\/v2\/posts"}],"about":[{"href":"https:\/\/www.ainaclotet.com\/i\/es\/wp-json\/wp\/v2\/types\/post"}],"author":[{"embeddable":true,"href":"https:\/\/www.ainaclotet.com\/i\/es\/wp-json\/wp\/v2\/users\/1"}],"replies":[{"embeddable":true,"href":"https:\/\/www.ainaclotet.com\/i\/es\/wp-json\/wp\/v2\/comments?post=435"}],"version-history":[{"count":2,"href":"https:\/\/www.ainaclotet.com\/i\/es\/wp-json\/wp\/v2\/posts\/435\/revisions"}],"predecessor-version":[{"id":445,"href":"https:\/\/www.ainaclotet.com\/i\/es\/wp-json\/wp\/v2\/posts\/435\/revisions\/445"}],"wp:featuredmedia":[{"embeddable":true,"href":"https:\/\/www.ainaclotet.com\/i\/es\/wp-json\/wp\/v2\/media\/442"}],"wp:attachment":[{"href":"https:\/\/www.ainaclotet.com\/i\/es\/wp-json\/wp\/v2\/media?parent=435"}],"wp:term":[{"taxonomy":"category","embeddable":true,"href":"https:\/\/www.ainaclotet.com\/i\/es\/wp-json\/wp\/v2\/categories?post=435"},{"taxonomy":"post_tag","embeddable":true,"href":"https:\/\/www.ainaclotet.com\/i\/es\/wp-json\/wp\/v2\/tags?post=435"}],"curies":[{"name":"wp","href":"https:\/\/api.w.org\/{rel}","templated":true}]}}