{"id":360,"date":"2013-10-21T08:48:02","date_gmt":"2013-10-21T08:48:02","guid":{"rendered":"http:\/\/www.ainaclotet.com\/i\/es\/?p=360"},"modified":"2013-10-28T10:55:40","modified_gmt":"2013-10-28T10:55:40","slug":"festival-internacional-de-cine-fantastico-de-sitges","status":"publish","type":"post","link":"https:\/\/www.ainaclotet.com\/i\/es\/2013\/10\/festival-internacional-de-cine-fantastico-de-sitges\/","title":{"rendered":"Festival Internacional de Cine Fant\u00e1stico de Sitges 2013"},"content":{"rendered":"<p><strong>Aina Clotet<\/strong> ha participado como miembro del Jurado del <a title=\"Sitges 2013\" href=\"http:\/\/sitgesfilmfestival.com\/cas\" target=\"_blank\"><strong>Festival Internacional de Cine Fant\u00e1stico de Sitges<\/strong><\/a> en la edici\u00f3n 46\u00aa, este a\u00f1o 2013.<\/p>\n<p><a href=\"http:\/\/www.ainaclotet.com\/i\/es\/wp-content\/uploads\/2013\/10\/foto-jurado-sitges.jpg\"><img loading=\"lazy\" decoding=\"async\" class=\"alignnone size-full wp-image-371\" alt=\"Bacardi sala VIP ( Festival de Sitges 2013 ).\" src=\"http:\/\/www.ainaclotet.com\/i\/es\/wp-content\/uploads\/2013\/10\/foto-jurado-sitges.jpg\" width=\"2663\" height=\"1772\" srcset=\"https:\/\/www.ainaclotet.com\/i\/es\/wp-content\/uploads\/2013\/10\/foto-jurado-sitges.jpg 2663w, https:\/\/www.ainaclotet.com\/i\/es\/wp-content\/uploads\/2013\/10\/foto-jurado-sitges-300x199.jpg 300w, https:\/\/www.ainaclotet.com\/i\/es\/wp-content\/uploads\/2013\/10\/foto-jurado-sitges-620x412.jpg 620w, https:\/\/www.ainaclotet.com\/i\/es\/wp-content\/uploads\/2013\/10\/foto-jurado-sitges-150x99.jpg 150w\" sizes=\"auto, (max-width: 2663px) 100vw, 2663px\" \/><\/a> <a href=\"http:\/\/www.ainaclotet.com\/i\/es\/wp-content\/uploads\/2013\/10\/sitges-bacardit.jpg\"><img loading=\"lazy\" decoding=\"async\" class=\"alignnone size-full wp-image-372\" alt=\"Bacardi sala VIP ( Festival de Sitges 2013 ).\" src=\"http:\/\/www.ainaclotet.com\/i\/es\/wp-content\/uploads\/2013\/10\/sitges-bacardit.jpg\" width=\"1179\" height=\"1772\" srcset=\"https:\/\/www.ainaclotet.com\/i\/es\/wp-content\/uploads\/2013\/10\/sitges-bacardit.jpg 1179w, https:\/\/www.ainaclotet.com\/i\/es\/wp-content\/uploads\/2013\/10\/sitges-bacardit-199x300.jpg 199w, https:\/\/www.ainaclotet.com\/i\/es\/wp-content\/uploads\/2013\/10\/sitges-bacardit-618x930.jpg 618w, https:\/\/www.ainaclotet.com\/i\/es\/wp-content\/uploads\/2013\/10\/sitges-bacardit-99x150.jpg 99w\" sizes=\"auto, (max-width: 1179px) 100vw, 1179px\" \/><\/a><\/p>\n<p><a href=\"http:\/\/www.ainaclotet.com\/i\/es\/wp-content\/uploads\/2013\/10\/Aina-Clotet-Jurado-Festival-Sitges-2013.jpg\"><img loading=\"lazy\" decoding=\"async\" class=\"size-full wp-image-363 aligncenter\" alt=\"Aina Clotet Jurado Festival Sitges 2013\" src=\"http:\/\/www.ainaclotet.com\/i\/es\/wp-content\/uploads\/2013\/10\/Aina-Clotet-Jurado-Festival-Sitges-2013.jpg\" width=\"638\" height=\"960\" srcset=\"https:\/\/www.ainaclotet.com\/i\/es\/wp-content\/uploads\/2013\/10\/Aina-Clotet-Jurado-Festival-Sitges-2013.jpg 638w, https:\/\/www.ainaclotet.com\/i\/es\/wp-content\/uploads\/2013\/10\/Aina-Clotet-Jurado-Festival-Sitges-2013-199x300.jpg 199w, https:\/\/www.ainaclotet.com\/i\/es\/wp-content\/uploads\/2013\/10\/Aina-Clotet-Jurado-Festival-Sitges-2013-618x930.jpg 618w, https:\/\/www.ainaclotet.com\/i\/es\/wp-content\/uploads\/2013\/10\/Aina-Clotet-Jurado-Festival-Sitges-2013-99x150.jpg 99w\" sizes=\"auto, (max-width: 638px) 100vw, 638px\" \/><\/a><\/p>\n<p>Adem\u00e1s de Aina, entre el Jurado de la secci\u00f3n oficial se encontraban:<\/p>\n<p><strong>Fede \u00c1lvarez<\/strong> (Montevideo, 1978). Su cortometraje <em>Ataque de p\u00e1nico<\/em>, realizado con un presupuesto de solo 300 d\u00f3lares, result\u00f3 una espectacular demostraci\u00f3n de t\u00e9cnica cinematogr\u00e1fica, que le vali\u00f3 un gran \u00e9xito en internet y le abri\u00f3 las puertas de Hollywood. All\u00ed se gan\u00f3 la confianza de <a title=\"Sam Reimi wikipedia\" href=\"http:\/\/es.wikipedia.org\/wiki\/Sam_Raimi\">Sam Raimi<\/a> para dirigir el virulento remake de <em>Posesi\u00f3n infernal<\/em>.<\/p>\n<p><strong>Christian Hallman. <\/strong>Es el coordinador de la <a title=\"European Film Festival\" href=\"http:\/\/www.melies.org\/\">European Fantastic Film Festival<\/a> y co-director y uno de los organizadores del <a title=\"Lund Festival\" href=\"http:\/\/www.fff.se\/en\/\">Festival\u00a0Internacional de Cine Fant\u00e1stico de Lund<\/a>. Dirigi\u00f3 el documental <em>Desperately Seeking Seka<\/em> y actualmente\u00a0tiene en prepararaci\u00f3n diversos proyectos vinculados con el fant\u00e1stico.<\/p>\n<p><strong>Miguel \u00c1ngel Vivas<\/strong> (Sevilla, 1974). Di\u00adrector y guionista de diversos cortometrajes, entre los que destaca <em>I\u2019ll See You in my Dreams<\/em>. Ha trabajado como guionista de c\u00f3mics y director en series de televisi\u00f3n. Debut\u00f3 en el largo con <em>Reflejos<\/em>, al que sigui\u00f3 <em>Secuestrados<\/em> (Sitges\u201910), ganador de numerosos premios, entre los que destacan\u00a0Mejor Pel\u00ed\u00adcula y Mejor Direcci\u00f3n en el <a title=\"Austin festival\" href=\"http:\/\/fantasticfest.com\/\">Fantastic FilmFest de Austin<\/a> y el M\u00e9li\u00e8s de Plata en <a title=\"espoo\" href=\"http:\/\/www.espoocine.fi\/2013\/fi\/#juuri-nyt\">Espoo Cin\u00e9<\/a>.<\/p>\n<p>&nbsp;<\/p>\n<p><a href=\"http:\/\/www.ainaclotet.com\/i\/es\/wp-content\/uploads\/2013\/10\/960016_10201577744098263_2044350972_n.jpg\"><img loading=\"lazy\" decoding=\"async\" class=\"size-full wp-image-361 aligncenter\" alt=\"Jurado Sitges 2013\" src=\"http:\/\/www.ainaclotet.com\/i\/es\/wp-content\/uploads\/2013\/10\/960016_10201577744098263_2044350972_n.jpg\" width=\"960\" height=\"638\" srcset=\"https:\/\/www.ainaclotet.com\/i\/es\/wp-content\/uploads\/2013\/10\/960016_10201577744098263_2044350972_n.jpg 960w, https:\/\/www.ainaclotet.com\/i\/es\/wp-content\/uploads\/2013\/10\/960016_10201577744098263_2044350972_n-300x199.jpg 300w, https:\/\/www.ainaclotet.com\/i\/es\/wp-content\/uploads\/2013\/10\/960016_10201577744098263_2044350972_n-620x412.jpg 620w, https:\/\/www.ainaclotet.com\/i\/es\/wp-content\/uploads\/2013\/10\/960016_10201577744098263_2044350972_n-150x99.jpg 150w\" sizes=\"auto, (max-width: 960px) 100vw, 960px\" \/><\/a><\/p>\n<p>Este a\u00f1o ha resultado premiada como Mejor Pel\u00edcula en la Secci\u00f3n Oficial <strong><em>Borgman<\/em>,<\/strong> de Alex van Warmerdam. Para consultar el palmar\u00e9s completo haz click en este <a title=\"Palmar\u00e9s Siges 2013\" href=\"http:\/\/sitgesfilmfestival.com\/cas\/festival\/palmares\" target=\"_blank\">enlace<\/a>.<\/p>\n<p>&nbsp;<\/p>\n<p><a href=\"http:\/\/www.ainaclotet.com\/i\/es\/wp-content\/uploads\/2013\/10\/Aina-Clotet-Sitges-2013.jpg\"><img loading=\"lazy\" decoding=\"async\" class=\"size-full wp-image-362 aligncenter\" alt=\"Aina Clotet Sitges 2013\" src=\"http:\/\/www.ainaclotet.com\/i\/es\/wp-content\/uploads\/2013\/10\/Aina-Clotet-Sitges-2013.jpg\" width=\"612\" height=\"612\" srcset=\"https:\/\/www.ainaclotet.com\/i\/es\/wp-content\/uploads\/2013\/10\/Aina-Clotet-Sitges-2013.jpg 612w, https:\/\/www.ainaclotet.com\/i\/es\/wp-content\/uploads\/2013\/10\/Aina-Clotet-Sitges-2013-150x150.jpg 150w, https:\/\/www.ainaclotet.com\/i\/es\/wp-content\/uploads\/2013\/10\/Aina-Clotet-Sitges-2013-300x300.jpg 300w\" sizes=\"auto, (max-width: 612px) 100vw, 612px\" \/><\/a><\/p>\n","protected":false},"excerpt":{"rendered":"<p>Aina Clotet ha participado como miembro del Jurado del Festival Internacional de Cine Fant\u00e1stico de [&hellip;]<\/p>\n","protected":false},"author":1,"featured_media":371,"comment_status":"closed","ping_status":"closed","sticky":false,"template":"","format":"standard","meta":{"footnotes":""},"categories":[2],"tags":[],"class_list":["post-360","post","type-post","status-publish","format-standard","has-post-thumbnail","hentry","category-news"],"_links":{"self":[{"href":"https:\/\/www.ainaclotet.com\/i\/es\/wp-json\/wp\/v2\/posts\/360","targetHints":{"allow":["GET"]}}],"collection":[{"href":"https:\/\/www.ainaclotet.com\/i\/es\/wp-json\/wp\/v2\/posts"}],"about":[{"href":"https:\/\/www.ainaclotet.com\/i\/es\/wp-json\/wp\/v2\/types\/post"}],"author":[{"embeddable":true,"href":"https:\/\/www.ainaclotet.com\/i\/es\/wp-json\/wp\/v2\/users\/1"}],"replies":[{"embeddable":true,"href":"https:\/\/www.ainaclotet.com\/i\/es\/wp-json\/wp\/v2\/comments?post=360"}],"version-history":[{"count":7,"href":"https:\/\/www.ainaclotet.com\/i\/es\/wp-json\/wp\/v2\/posts\/360\/revisions"}],"predecessor-version":[{"id":373,"href":"https:\/\/www.ainaclotet.com\/i\/es\/wp-json\/wp\/v2\/posts\/360\/revisions\/373"}],"wp:featuredmedia":[{"embeddable":true,"href":"https:\/\/www.ainaclotet.com\/i\/es\/wp-json\/wp\/v2\/media\/371"}],"wp:attachment":[{"href":"https:\/\/www.ainaclotet.com\/i\/es\/wp-json\/wp\/v2\/media?parent=360"}],"wp:term":[{"taxonomy":"category","embeddable":true,"href":"https:\/\/www.ainaclotet.com\/i\/es\/wp-json\/wp\/v2\/categories?post=360"},{"taxonomy":"post_tag","embeddable":true,"href":"https:\/\/www.ainaclotet.com\/i\/es\/wp-json\/wp\/v2\/tags?post=360"}],"curies":[{"name":"wp","href":"https:\/\/api.w.org\/{rel}","templated":true}]}}