{"id":353,"date":"2013-04-09T22:17:33","date_gmt":"2013-04-09T22:17:33","guid":{"rendered":"http:\/\/www.ainaclotet.com\/i\/es\/?p=353"},"modified":"2013-04-27T22:39:57","modified_gmt":"2013-04-27T22:39:57","slug":"tv3-estrena-la-segunda-temporada-de-gran-nord-el-proximo-lunes-29-de-abril-a-las-2230h","status":"publish","type":"post","link":"https:\/\/www.ainaclotet.com\/i\/es\/2013\/04\/tv3-estrena-la-segunda-temporada-de-gran-nord-el-proximo-lunes-29-de-abril-a-las-2230h\/","title":{"rendered":"TV3 estrena la Segunda Temporada de Gran Nord, el pr\u00f3ximo lunes 29 de Abril a las 22,30h."},"content":{"rendered":"<p>La serie Gran Nord, ambientada en el Pallars y dirigida por Jes\u00fas Font y Mar\u00eda Almagro, est\u00e1 protagonizada por Aina Clotet, Roger Coma, Nacho Fresneda, Roger Casamajor, Merc\u00e8 Ar\u00e0nega, Pep Cruz, Ramon Pujol, Ivana Mi\u00f1o, Marta Romero, Manel Barcel\u00f3, Marta P\u00e9rez y Xavi Lite.<\/p>\n<p><a href=\"www.tv3\/grannord\" title=\"web oficial de Gran Nord\">www.tv3\/grannord<\/a><\/p>\n<p><iframe loading=\"lazy\" src=\"http:\/\/player.vimeo.com\/video\/64266125\" width=\"500\" height=\"281\" frameborder=\"0\" webkitAllowFullScreen mozallowfullscreen allowFullScreen><\/iframe> <\/p>\n<p><a href=\"http:\/\/vimeo.com\/64266125\">&#8220;Gran Nord&#8221; (Serie TV3) 2\u00aa Temp.<\/a> from <a href=\"http:\/\/vimeo.com\/zeroiu\">ZERO i U &#8211; Serveis Audiovisuals<\/a> on <a href=\"http:\/\/vimeo.com\">Vimeo<\/a>.<\/p>\n","protected":false},"excerpt":{"rendered":"<p>La serie Gran Nord, ambientada en el Pallars y dirigida por Jes\u00fas Font y Mar\u00eda [&hellip;]<\/p>\n","protected":false},"author":1,"featured_media":356,"comment_status":"closed","ping_status":"closed","sticky":false,"template":"","format":"standard","meta":{"footnotes":""},"categories":[2],"tags":[10,8],"class_list":["post-353","post","type-post","status-publish","format-standard","has-post-thumbnail","hentry","category-news","tag-gran-nord","tag-tv"],"_links":{"self":[{"href":"https:\/\/www.ainaclotet.com\/i\/es\/wp-json\/wp\/v2\/posts\/353","targetHints":{"allow":["GET"]}}],"collection":[{"href":"https:\/\/www.ainaclotet.com\/i\/es\/wp-json\/wp\/v2\/posts"}],"about":[{"href":"https:\/\/www.ainaclotet.com\/i\/es\/wp-json\/wp\/v2\/types\/post"}],"author":[{"embeddable":true,"href":"https:\/\/www.ainaclotet.com\/i\/es\/wp-json\/wp\/v2\/users\/1"}],"replies":[{"embeddable":true,"href":"https:\/\/www.ainaclotet.com\/i\/es\/wp-json\/wp\/v2\/comments?post=353"}],"version-history":[{"count":2,"href":"https:\/\/www.ainaclotet.com\/i\/es\/wp-json\/wp\/v2\/posts\/353\/revisions"}],"predecessor-version":[{"id":357,"href":"https:\/\/www.ainaclotet.com\/i\/es\/wp-json\/wp\/v2\/posts\/353\/revisions\/357"}],"wp:featuredmedia":[{"embeddable":true,"href":"https:\/\/www.ainaclotet.com\/i\/es\/wp-json\/wp\/v2\/media\/356"}],"wp:attachment":[{"href":"https:\/\/www.ainaclotet.com\/i\/es\/wp-json\/wp\/v2\/media?parent=353"}],"wp:term":[{"taxonomy":"category","embeddable":true,"href":"https:\/\/www.ainaclotet.com\/i\/es\/wp-json\/wp\/v2\/categories?post=353"},{"taxonomy":"post_tag","embeddable":true,"href":"https:\/\/www.ainaclotet.com\/i\/es\/wp-json\/wp\/v2\/tags?post=353"}],"curies":[{"name":"wp","href":"https:\/\/api.w.org\/{rel}","templated":true}]}}