{"id":337,"date":"2013-04-10T21:23:01","date_gmt":"2013-04-10T21:23:01","guid":{"rendered":"http:\/\/www.ainaclotet.com\/i\/es\/?p=337"},"modified":"2013-04-17T04:13:52","modified_gmt":"2013-04-17T04:13:52","slug":"et-dec-una-nit-de-divendres-directed-de-dimas-rodriguez-seleccionada-en-el-da-festival-internacional-de-cine-de-autor-de-barcelona-2013","status":"publish","type":"post","link":"https:\/\/www.ainaclotet.com\/i\/es\/2013\/04\/et-dec-una-nit-de-divendres-directed-de-dimas-rodriguez-seleccionada-en-el-da-festival-internacional-de-cine-de-autor-de-barcelona-2013\/","title":{"rendered":"Et dec una nit de divendres dirigida por Dimas Rodriguez seleccionada en el D&#8217;A, Festival Internacional de Cine de Autor de Barcelona 2013."},"content":{"rendered":"<p><a href=\"http:\/\/www.cinemadautor.cat\/es\/movies\/et-dec-una-nit-de-divendres\/ \" title=\"D'A Festival web site\">http:\/\/www.cinemadautor.cat\/es\/movies\/et-dec-una-nit-de-divendres\/<br \/>\n<\/a><br \/>\n<\/a>\u201cEt dec una nit de divendres\u201d escrita y dirigida per Dimas Rodr\u00edguez, se proyectar\u00e1 el pr\u00f3ximo dia 30 de Abril a las 19,45h en el CCCB teatro en el marco del Festival Internacional de Cinema d\u2019Autor de Barcelona (D\u2019A).<br \/>\nProtagonizada per Jordi And\u00fajar, Aina Clotet, Marc Rodr\u00edguez, Sara Loscos, Oriol Vila, Raquel Fern\u00e1ndez y la presencia de muchos grupos de m\u00fasica de la escena indie local.<br \/>\nEl festival de m\u00fasica de Arb\u00facies Pop Arb es el marco donde se desarrolla esta comedia agridulce.<\/p>\n<p><iframe loading=\"lazy\" src=\"http:\/\/player.vimeo.com\/video\/35154743\" width=\"500\" height=\"281\" frameborder=\"0\" webkitAllowFullScreen mozallowfullscreen allowFullScreen><\/iframe> <\/p>\n<p><a href=\"http:\/\/vimeo.com\/35154743\">Et dec una nit de divendres<\/a> from <a href=\"http:\/\/vimeo.com\/user2411388\">Alexander Tregon Estrella<\/a> on <a href=\"http:\/\/vimeo.com\">Vimeo<\/a>.<\/p>\n","protected":false},"excerpt":{"rendered":"<p>http:\/\/www.cinemadautor.cat\/es\/movies\/et-dec-una-nit-de-divendres\/ \u201cEt dec una nit de divendres\u201d escrita y dirigida per Dimas Rodr\u00edguez, se proyectar\u00e1 [&hellip;]<\/p>\n","protected":false},"author":1,"featured_media":338,"comment_status":"closed","ping_status":"closed","sticky":false,"template":"","format":"standard","meta":{"footnotes":""},"categories":[2],"tags":[28,27,29],"class_list":["post-337","post","type-post","status-publish","format-standard","has-post-thumbnail","hentry","category-news","tag-da","tag-et-dec-una-nit-de-divendres","tag-festivales"],"_links":{"self":[{"href":"https:\/\/www.ainaclotet.com\/i\/es\/wp-json\/wp\/v2\/posts\/337","targetHints":{"allow":["GET"]}}],"collection":[{"href":"https:\/\/www.ainaclotet.com\/i\/es\/wp-json\/wp\/v2\/posts"}],"about":[{"href":"https:\/\/www.ainaclotet.com\/i\/es\/wp-json\/wp\/v2\/types\/post"}],"author":[{"embeddable":true,"href":"https:\/\/www.ainaclotet.com\/i\/es\/wp-json\/wp\/v2\/users\/1"}],"replies":[{"embeddable":true,"href":"https:\/\/www.ainaclotet.com\/i\/es\/wp-json\/wp\/v2\/comments?post=337"}],"version-history":[{"count":12,"href":"https:\/\/www.ainaclotet.com\/i\/es\/wp-json\/wp\/v2\/posts\/337\/revisions"}],"predecessor-version":[{"id":351,"href":"https:\/\/www.ainaclotet.com\/i\/es\/wp-json\/wp\/v2\/posts\/337\/revisions\/351"}],"wp:featuredmedia":[{"embeddable":true,"href":"https:\/\/www.ainaclotet.com\/i\/es\/wp-json\/wp\/v2\/media\/338"}],"wp:attachment":[{"href":"https:\/\/www.ainaclotet.com\/i\/es\/wp-json\/wp\/v2\/media?parent=337"}],"wp:term":[{"taxonomy":"category","embeddable":true,"href":"https:\/\/www.ainaclotet.com\/i\/es\/wp-json\/wp\/v2\/categories?post=337"},{"taxonomy":"post_tag","embeddable":true,"href":"https:\/\/www.ainaclotet.com\/i\/es\/wp-json\/wp\/v2\/tags?post=337"}],"curies":[{"name":"wp","href":"https:\/\/api.w.org\/{rel}","templated":true}]}}