{"id":309,"date":"2013-02-09T03:05:36","date_gmt":"2013-02-09T03:05:36","guid":{"rendered":"http:\/\/www.ainaclotet.com\/i\/es\/?p=309"},"modified":"2013-02-09T03:06:35","modified_gmt":"2013-02-09T03:06:35","slug":"v-premios-gaudi-de-cine","status":"publish","type":"post","link":"https:\/\/www.ainaclotet.com\/i\/es\/2013\/02\/v-premios-gaudi-de-cine\/","title":{"rendered":"V Premios Gaud\u00ed de Cine"},"content":{"rendered":"<p>Aina Clotet acudi\u00f3 c\u00f3mo nominada a Mejor Actriz de Reparto por su papel en &#8220;Los ni\u00f1os salvajes&#8221; de Patricia Ferreira a la V edici\u00f3n de los Premios Gaud\u00ed de cine, en Barcelona.<br \/>\nAina Clotet present\u00f3 junto a \u00darsula Corber\u00f3, el premio al Mejor dise\u00f1o de Vestuario y a la Mejor Direcci\u00f3n Art\u00edstica.<br \/>\nLa ceremonia, presentada por Andreu Buenafuente, obtuvo el mayor \u00e9xito de audiencia de todas las ediciones.<\/p>\n<p>Ver gala: <\/p>\n<p>http:\/\/www.tv3.cat\/videos\/4452511\/Els-premis-Gaudi-la-festa-del-cinema-catala<\/p>\n<p><a href=\"http:\/\/www.ainaclotet.com\/i\/es\/wp-content\/uploads\/2013\/02\/gaudi-2013.jpg\"><img loading=\"lazy\" decoding=\"async\" src=\"http:\/\/www.ainaclotet.com\/i\/es\/wp-content\/uploads\/2013\/02\/gaudi-2013.jpg\" alt=\"PHOTOCALL DE LA V EDICION DE  LOS PREMIOS GAUDI\" width=\"500\" height=\"750\" class=\"alignnone size-full wp-image-310\" srcset=\"https:\/\/www.ainaclotet.com\/i\/es\/wp-content\/uploads\/2013\/02\/gaudi-2013.jpg 500w, https:\/\/www.ainaclotet.com\/i\/es\/wp-content\/uploads\/2013\/02\/gaudi-2013-200x300.jpg 200w, https:\/\/www.ainaclotet.com\/i\/es\/wp-content\/uploads\/2013\/02\/gaudi-2013-100x150.jpg 100w\" sizes=\"auto, (max-width: 500px) 100vw, 500px\" \/><\/a><\/p>\n<p><a href=\"http:\/\/www.ainaclotet.com\/i\/es\/wp-content\/uploads\/2013\/02\/gaud\u00ed-2013.jpg\"><img loading=\"lazy\" decoding=\"async\" src=\"http:\/\/www.ainaclotet.com\/i\/es\/wp-content\/uploads\/2013\/02\/gaud\u00ed-2013.jpg\" alt=\"V Premis Gaudi de l Academia del Cinema Catala, Barcelona 3.\" width=\"2448\" height=\"3672\" class=\"alignnone size-full wp-image-311\" srcset=\"https:\/\/www.ainaclotet.com\/i\/es\/wp-content\/uploads\/2013\/02\/gaud\u00ed-2013.jpg 2448w, https:\/\/www.ainaclotet.com\/i\/es\/wp-content\/uploads\/2013\/02\/gaud\u00ed-2013-200x300.jpg 200w, https:\/\/www.ainaclotet.com\/i\/es\/wp-content\/uploads\/2013\/02\/gaud\u00ed-2013-620x930.jpg 620w, https:\/\/www.ainaclotet.com\/i\/es\/wp-content\/uploads\/2013\/02\/gaud\u00ed-2013-100x150.jpg 100w\" sizes=\"auto, (max-width: 2448px) 100vw, 2448px\" \/><\/a><\/p>\n","protected":false},"excerpt":{"rendered":"<p>Aina Clotet acudi\u00f3 c\u00f3mo nominada a Mejor Actriz de Reparto por su papel en &#8220;Los [&hellip;]<\/p>\n","protected":false},"author":1,"featured_media":312,"comment_status":"closed","ping_status":"closed","sticky":false,"template":"","format":"standard","meta":{"footnotes":""},"categories":[2],"tags":[5,7],"class_list":["post-309","post","type-post","status-publish","format-standard","has-post-thumbnail","hentry","category-news","tag-awards","tag-els-nens-salvatges"],"_links":{"self":[{"href":"https:\/\/www.ainaclotet.com\/i\/es\/wp-json\/wp\/v2\/posts\/309","targetHints":{"allow":["GET"]}}],"collection":[{"href":"https:\/\/www.ainaclotet.com\/i\/es\/wp-json\/wp\/v2\/posts"}],"about":[{"href":"https:\/\/www.ainaclotet.com\/i\/es\/wp-json\/wp\/v2\/types\/post"}],"author":[{"embeddable":true,"href":"https:\/\/www.ainaclotet.com\/i\/es\/wp-json\/wp\/v2\/users\/1"}],"replies":[{"embeddable":true,"href":"https:\/\/www.ainaclotet.com\/i\/es\/wp-json\/wp\/v2\/comments?post=309"}],"version-history":[{"count":2,"href":"https:\/\/www.ainaclotet.com\/i\/es\/wp-json\/wp\/v2\/posts\/309\/revisions"}],"predecessor-version":[{"id":315,"href":"https:\/\/www.ainaclotet.com\/i\/es\/wp-json\/wp\/v2\/posts\/309\/revisions\/315"}],"wp:featuredmedia":[{"embeddable":true,"href":"https:\/\/www.ainaclotet.com\/i\/es\/wp-json\/wp\/v2\/media\/312"}],"wp:attachment":[{"href":"https:\/\/www.ainaclotet.com\/i\/es\/wp-json\/wp\/v2\/media?parent=309"}],"wp:term":[{"taxonomy":"category","embeddable":true,"href":"https:\/\/www.ainaclotet.com\/i\/es\/wp-json\/wp\/v2\/categories?post=309"},{"taxonomy":"post_tag","embeddable":true,"href":"https:\/\/www.ainaclotet.com\/i\/es\/wp-json\/wp\/v2\/tags?post=309"}],"curies":[{"name":"wp","href":"https:\/\/api.w.org\/{rel}","templated":true}]}}