{"id":26,"date":"2012-04-13T20:55:43","date_gmt":"2012-04-13T20:55:43","guid":{"rendered":"http:\/\/69.195.124.79\/~ainaclot\/i\/es\/?p=26"},"modified":"2013-01-19T18:25:08","modified_gmt":"2013-01-19T18:25:08","slug":"sample-1","status":"publish","type":"post","link":"https:\/\/www.ainaclotet.com\/i\/es\/2012\/04\/sample-1\/","title":{"rendered":"Aina Clotet se alza con la Biznaga de Plata en el Festival de Cine de M\u00e1laga 2012"},"content":{"rendered":"<p>La actriz Aina Clotet, se alza con la Biznaga de Plata a la mejor actriz de reparto en la XV Edici\u00f3n del Festival de Cine de M\u00e1laga, por su papel en la \u00faltima pel\u00edcula de la directora de cine Patricia Ferrerira, \u2018Los ni\u00f1os salvajes\u2019, en la que narra la vida de tres adolescentes que viven en una gran ciudad y que son unos desconocidos para sus padres, para sus profesores y para ellos mismos. Film que se ha llevado dos premios m\u00e1s, la Biznaga de Oro a la mejor pel\u00edcula y la Biznaga de Plata al mejor gui\u00f3n y al mejor actor de reparto para \u00c1lex Monner.<\/p>\n<div id=\"attachment_40\" style=\"width: 630px\" class=\"wp-caption alignnone\"><img loading=\"lazy\" decoding=\"async\" aria-describedby=\"caption-attachment-40\" src=\"http:\/\/www.ainaclotet.com\/i\/es\/wp-content\/uploads\/2013\/01\/biznaga-2.jpg\" alt=\"Vestido de Menchen Tomas.\" width=\"620\" height=\"1091\" class=\"size-full wp-image-40\" srcset=\"https:\/\/www.ainaclotet.com\/i\/es\/wp-content\/uploads\/2013\/01\/biznaga-2.jpg 620w, https:\/\/www.ainaclotet.com\/i\/es\/wp-content\/uploads\/2013\/01\/biznaga-2-170x300.jpg 170w, https:\/\/www.ainaclotet.com\/i\/es\/wp-content\/uploads\/2013\/01\/biznaga-2-528x930.jpg 528w, https:\/\/www.ainaclotet.com\/i\/es\/wp-content\/uploads\/2013\/01\/biznaga-2-85x150.jpg 85w\" sizes=\"auto, (max-width: 620px) 100vw, 620px\" \/><p id=\"caption-attachment-40\" class=\"wp-caption-text\">Vestido de Menchen Tomas.<\/p><\/div>\n<p><img loading=\"lazy\" decoding=\"async\" src=\"http:\/\/www.ainaclotet.com\/i\/es\/wp-content\/uploads\/2013\/01\/biznaga-4.jpg\" alt=\"biznaga 4\" width=\"620\" height=\"407\" class=\"alignnone size-full wp-image-41\" srcset=\"https:\/\/www.ainaclotet.com\/i\/es\/wp-content\/uploads\/2013\/01\/biznaga-4.jpg 620w, https:\/\/www.ainaclotet.com\/i\/es\/wp-content\/uploads\/2013\/01\/biznaga-4-300x196.jpg 300w, https:\/\/www.ainaclotet.com\/i\/es\/wp-content\/uploads\/2013\/01\/biznaga-4-150x98.jpg 150w\" sizes=\"auto, (max-width: 620px) 100vw, 620px\" \/><\/p>\n<p><img loading=\"lazy\" decoding=\"async\" src=\"http:\/\/www.ainaclotet.com\/i\/es\/wp-content\/uploads\/2013\/01\/biznaga-2012.jpg\" alt=\"biznaga 2012\" width=\"620\" height=\"959\" class=\"alignnone size-full wp-image-42\" srcset=\"https:\/\/www.ainaclotet.com\/i\/es\/wp-content\/uploads\/2013\/01\/biznaga-2012.jpg 620w, https:\/\/www.ainaclotet.com\/i\/es\/wp-content\/uploads\/2013\/01\/biznaga-2012-193x300.jpg 193w, https:\/\/www.ainaclotet.com\/i\/es\/wp-content\/uploads\/2013\/01\/biznaga-2012-601x930.jpg 601w\" sizes=\"auto, (max-width: 620px) 100vw, 620px\" \/><\/p>\n<p><img loading=\"lazy\" decoding=\"async\" src=\"http:\/\/www.ainaclotet.com\/i\/es\/wp-content\/uploads\/2013\/01\/biznaga1.jpg\" alt=\"biznaga1\" width=\"620\" height=\"746\" class=\"alignnone size-full wp-image-43\" srcset=\"https:\/\/www.ainaclotet.com\/i\/es\/wp-content\/uploads\/2013\/01\/biznaga1.jpg 620w, https:\/\/www.ainaclotet.com\/i\/es\/wp-content\/uploads\/2013\/01\/biznaga1-249x300.jpg 249w, https:\/\/www.ainaclotet.com\/i\/es\/wp-content\/uploads\/2013\/01\/biznaga1-124x150.jpg 124w\" sizes=\"auto, (max-width: 620px) 100vw, 620px\" \/><\/p>\n<p><img loading=\"lazy\" decoding=\"async\" src=\"http:\/\/www.ainaclotet.com\/i\/es\/wp-content\/uploads\/2013\/01\/festimalaga.jpg\" alt=\"festimalaga\" width=\"266\" height=\"400\" class=\"alignnone size-full wp-image-44\" srcset=\"https:\/\/www.ainaclotet.com\/i\/es\/wp-content\/uploads\/2013\/01\/festimalaga.jpg 266w, https:\/\/www.ainaclotet.com\/i\/es\/wp-content\/uploads\/2013\/01\/festimalaga-199x300.jpg 199w, https:\/\/www.ainaclotet.com\/i\/es\/wp-content\/uploads\/2013\/01\/festimalaga-99x150.jpg 99w\" sizes=\"auto, (max-width: 266px) 100vw, 266px\" \/><\/p>\n","protected":false},"excerpt":{"rendered":"<p>La actriz Aina Clotet, se alza con la Biznaga de Plata a la mejor actriz [&hellip;]<\/p>\n","protected":false},"author":1,"featured_media":43,"comment_status":"open","ping_status":"open","sticky":false,"template":"","format":"standard","meta":{"footnotes":""},"categories":[2],"tags":[5,7,6],"class_list":["post-26","post","type-post","status-publish","format-standard","has-post-thumbnail","hentry","category-news","tag-awards","tag-els-nens-salvatges","tag-movies"],"_links":{"self":[{"href":"https:\/\/www.ainaclotet.com\/i\/es\/wp-json\/wp\/v2\/posts\/26","targetHints":{"allow":["GET"]}}],"collection":[{"href":"https:\/\/www.ainaclotet.com\/i\/es\/wp-json\/wp\/v2\/posts"}],"about":[{"href":"https:\/\/www.ainaclotet.com\/i\/es\/wp-json\/wp\/v2\/types\/post"}],"author":[{"embeddable":true,"href":"https:\/\/www.ainaclotet.com\/i\/es\/wp-json\/wp\/v2\/users\/1"}],"replies":[{"embeddable":true,"href":"https:\/\/www.ainaclotet.com\/i\/es\/wp-json\/wp\/v2\/comments?post=26"}],"version-history":[{"count":1,"href":"https:\/\/www.ainaclotet.com\/i\/es\/wp-json\/wp\/v2\/posts\/26\/revisions"}],"predecessor-version":[{"id":45,"href":"https:\/\/www.ainaclotet.com\/i\/es\/wp-json\/wp\/v2\/posts\/26\/revisions\/45"}],"wp:featuredmedia":[{"embeddable":true,"href":"https:\/\/www.ainaclotet.com\/i\/es\/wp-json\/wp\/v2\/media\/43"}],"wp:attachment":[{"href":"https:\/\/www.ainaclotet.com\/i\/es\/wp-json\/wp\/v2\/media?parent=26"}],"wp:term":[{"taxonomy":"category","embeddable":true,"href":"https:\/\/www.ainaclotet.com\/i\/es\/wp-json\/wp\/v2\/categories?post=26"},{"taxonomy":"post_tag","embeddable":true,"href":"https:\/\/www.ainaclotet.com\/i\/es\/wp-json\/wp\/v2\/tags?post=26"}],"curies":[{"name":"wp","href":"https:\/\/api.w.org\/{rel}","templated":true}]}}